{"id":13321,"date":"2025-09-23T01:48:38","date_gmt":"2025-09-23T01:48:38","guid":{"rendered":"https:\/\/yucatannews.com.mx\/?p=13321"},"modified":"2025-09-23T01:48:38","modified_gmt":"2025-09-23T01:48:38","slug":"concesionarios-de-transporte-solicitan-pago-por-kilometro-justo-y-sostenible","status":"publish","type":"post","link":"https:\/\/yucatannews.com.mx\/?p=13321","title":{"rendered":"Concesionarios de Transporte solicitan pago por kil\u00f3metro justo y sostenible"},"content":{"rendered":"<p>&nbsp;<\/p>\n<p>&nbsp;<\/p>\n<p>Concesionarios de Transporte solicitan pago por kil\u00f3metro justo y sostenible<\/p>\n<p><img fetchpriority=\"high\" decoding=\"async\" class=\"aligncenter size-medium wp-image-13322 lazyload\" src=\"data:image\/gif;base64,R0lGODlhAQABAAAAACH5BAEKAAEALAAAAAABAAEAAAICTAEAOw==\" data-src=\"http:\/\/yucatannews.com.mx\/wp-content\/uploads\/2025\/09\/17585917558365310642207768478368-225x300.jpg\" alt=\"\" width=\"225\" height=\"300\" data-sizes=\"auto\" data-srcset=\"https:\/\/yucatannews.com.mx\/wp-content\/uploads\/2025\/09\/17585917558365310642207768478368-225x300.jpg 225w, https:\/\/yucatannews.com.mx\/wp-content\/uploads\/2025\/09\/17585917558365310642207768478368-768x1024.jpg 768w, https:\/\/yucatannews.com.mx\/wp-content\/uploads\/2025\/09\/17585917558365310642207768478368-1152x1536.jpg 1152w, https:\/\/yucatannews.com.mx\/wp-content\/uploads\/2025\/09\/17585917558365310642207768478368-1536x2048.jpg 1536w, https:\/\/yucatannews.com.mx\/wp-content\/uploads\/2025\/09\/17585917558365310642207768478368-1600x2133.jpg 1600w, https:\/\/yucatannews.com.mx\/wp-content\/uploads\/2025\/09\/17585917558365310642207768478368-1100x1467.jpg 1100w, https:\/\/yucatannews.com.mx\/wp-content\/uploads\/2025\/09\/17585917558365310642207768478368-600x800.jpg 600w, https:\/\/yucatannews.com.mx\/wp-content\/uploads\/2025\/09\/17585917558365310642207768478368-20x27.jpg 20w, https:\/\/yucatannews.com.mx\/wp-content\/uploads\/2025\/09\/17585917558365310642207768478368-scaled.jpg 1920w\" sizes=\"(max-width: 225px) 100vw, 225px\" \/><\/p>\n<p>&nbsp;<\/p>\n<p>&nbsp;<\/p>\n<p>&#8211; Proponen tambi\u00e9n la creaci\u00f3n de un bono de movilidad para trabajadores, deducible para empresas, como medida innovadora que incentive el uso del transporte p\u00fablico y beneficie a miles de familias<\/p>\n<p>&nbsp;<\/p>\n<p>&nbsp;<\/p>\n<p>&nbsp;<\/p>\n<p>Los concesionarios del sistema de transporte p\u00fablico Va y Ven informamos a la ciudadan\u00eda y a los medios de comunicaci\u00f3n que, tras nuestra solicitud formal, fuimos integrados de manera oficial a la mesa de trabajo para la planeaci\u00f3n presupuestal 2026 de la Agencia de Transporte de Yucat\u00e1n (ATY). Esta decisi\u00f3n representa un paso positivo hacia una mayor coordinaci\u00f3n institucional, transparencia y corresponsabilidad en la construcci\u00f3n de un sistema de movilidad sostenible, incluyente y con l\u00f3gica financiera de largo plazo.<\/p>\n<p>&nbsp;<\/p>\n<p>&nbsp;<\/p>\n<p>&nbsp;<\/p>\n<p>Durante la reuni\u00f3n sostenida con autoridades de la ATY, expusimos diversas propuestas orientadas a fortalecer el modelo p\u00fablico-privado en beneficio de los usuarios. Entre las iniciativas presentadas, destacamos la importancia de definir con claridad un esquema de pago por kil\u00f3metro que sea justo y sostenible. Se\u00f1alamos que, desde el inicio del sistema Va y Ven, los costos de operaci\u00f3n han aumentado significativamente por el alza en insumos como el di\u00e9sel, refacciones, mantenimiento y mano de obra. Aun as\u00ed, no ha habido una actualizaci\u00f3n del precio por kil\u00f3metro. Por ello, propusimos avanzar hacia un c\u00e1lculo m\u00e1s equilibrado, que permita asegurar la viabilidad operativa del sistema sin afectar a los usuarios.<\/p>\n<p>&nbsp;<\/p>\n<p>&nbsp;<\/p>\n<p>&nbsp;<\/p>\n<p>Asimismo, pusimos sobre la mesa la propuesta de implementar un bono de movilidad laboral, inspirado en modelos internacionales como el de Caxias do Sul, Brasil. Este bono permitir\u00eda que las empresas otorguen un apoyo directo a sus trabajadores, depositado en la tarjeta Va y Ven, con la ventaja de que sea deducible para efectos fiscales y no considerado como ingreso para el trabajador. De esta forma, se estimular\u00eda el uso del transporte p\u00fablico entre la poblaci\u00f3n econ\u00f3micamente activa, generando beneficios sociales, ambientales y econ\u00f3micos.<\/p>\n<p>&nbsp;<\/p>\n<p style=\"text-align: right;\">\n<p>&nbsp;<\/p>\n<p>Tambi\u00e9n propusimos reconocer al transporte como una infraestructura estrat\u00e9gica para el desarrollo de Yucat\u00e1n. Tal reconocimiento permitir\u00eda fortalecer el respaldo presupuestal que requiere el sistema, al tratarse de un servicio esencial para la movilidad de miles de ciudadanos. En ese mismo sentido, planteamos la creaci\u00f3n de un fondo de emergencia que permita hacer frente a imprevistos operativos o retrasos en los pagos, evitando afectaciones al servicio o a los usuarios.<\/p>\n<p>&nbsp;<\/p>\n<p>&nbsp;<\/p>\n<p>&nbsp;<\/p>\n<p>Reconocemos y valoramos la apertura de la ATY y del Gobierno del Estado para integrar la voz de los concesionarios en este proceso, lo cual fortalece el enfoque de corresponsabilidad y trabajo conjunto que necesita el sistema de transporte p\u00fablico en esta nueva etapa. Nuestro compromiso sigue siendo firme: construir un modelo eficiente, humano, accesible y financieramente sostenible, que est\u00e9 a la altura de las necesidades de la ciudadan\u00eda.<\/p>\n<p>&nbsp;<\/p>\n<p>&nbsp;<\/p>\n<p>&nbsp;<\/p>\n<p>Comit\u00e9 de Concesionarios del Transporte P\u00fablico del sistema Va y Ven<\/p>\n<p>&nbsp;<\/p>\n<p>&nbsp;<\/p>\n<p>&nbsp;<\/p>\n<p>Empresas firmantes:<\/p>\n<p>&nbsp;<\/p>\n<p>\u2022 Circuito Metropolitano<\/p>\n<p>&nbsp;<\/p>\n<p>\u2022 Minis 2000<\/p>\n<p>&nbsp;<\/p>\n<p>\u2022 Minibuses del Poniente<\/p>\n<p>&nbsp;<\/p>\n<p>\u2022 Minibuses del Mayab<\/p>\n<p>&nbsp;<\/p>\n<p>\u2022 L\u00edneas Urbe<\/p>\n<p>&nbsp;<\/p>\n<p>\u2022 Movibus M\u00e9rida<\/p>\n<p>&nbsp;<\/p>\n<p>\u2022 Mobility M\u00e9rida<\/p>\n<p>&nbsp;<\/p>\n<p>\u2022 Mayan Bus Co.<\/p>\n<p>&nbsp;<\/p>\n<p>\u2022 Transportes Especializados Bau<\/p>\n<p>&nbsp;<\/p>\n<p>\u2022 Mini Jardines de M\u00e9rida<\/p>\n<p>&nbsp;<\/p>\n<p>\u2022 Transportes Urbanos de la Pen\u00ednsula<\/p>\n<p>&nbsp;<\/p>\n<p>\u2022 Transporte Multimodal Cortazar<\/p>\n<p>&nbsp;<\/p>\n<p>\u2022 Pioneros del Confort<\/p>\n<p>&nbsp;<\/p>\n<p>&nbsp;<\/p>\n<p>\u2022 Biotransporte de Yucat\u00e1n<\/p>\n<p>&nbsp;<\/p>\n<p>\u2022 Movilidad Urbana M\u00e9rida<\/p>\n<p>&nbsp;<\/p>\n","protected":false},"excerpt":{"rendered":"<p>&nbsp; &nbsp; Concesionarios de Transporte solicitan pago por kil\u00f3metro justo y sostenible &nbsp; &nbsp; &#8211; Proponen tambi\u00e9n la creaci\u00f3n de un bono de movilidad para trabajadores, deducible para empresas, como medida innovadora que incentive el uso del transporte p\u00fablico y beneficie a miles de familias &nbsp; &nbsp; &nbsp; Los concesionarios del sistema de transporte p\u00fablico [&hellip;]<\/p>\n","protected":false},"author":1,"featured_media":0,"comment_status":"open","ping_status":"open","sticky":false,"template":"","format":"standard","meta":{"footnotes":""},"categories":[1],"tags":[],"class_list":["post-13321","post","type-post","status-publish","format-standard","hentry","category-general"],"_links":{"self":[{"href":"https:\/\/yucatannews.com.mx\/index.php?rest_route=\/wp\/v2\/posts\/13321","targetHints":{"allow":["GET"]}}],"collection":[{"href":"https:\/\/yucatannews.com.mx\/index.php?rest_route=\/wp\/v2\/posts"}],"about":[{"href":"https:\/\/yucatannews.com.mx\/index.php?rest_route=\/wp\/v2\/types\/post"}],"author":[{"embeddable":true,"href":"https:\/\/yucatannews.com.mx\/index.php?rest_route=\/wp\/v2\/users\/1"}],"replies":[{"embeddable":true,"href":"https:\/\/yucatannews.com.mx\/index.php?rest_route=%2Fwp%2Fv2%2Fcomments&post=13321"}],"version-history":[{"count":1,"href":"https:\/\/yucatannews.com.mx\/index.php?rest_route=\/wp\/v2\/posts\/13321\/revisions"}],"predecessor-version":[{"id":13323,"href":"https:\/\/yucatannews.com.mx\/index.php?rest_route=\/wp\/v2\/posts\/13321\/revisions\/13323"}],"wp:attachment":[{"href":"https:\/\/yucatannews.com.mx\/index.php?rest_route=%2Fwp%2Fv2%2Fmedia&parent=13321"}],"wp:term":[{"taxonomy":"category","embeddable":true,"href":"https:\/\/yucatannews.com.mx\/index.php?rest_route=%2Fwp%2Fv2%2Fcategories&post=13321"},{"taxonomy":"post_tag","embeddable":true,"href":"https:\/\/yucatannews.com.mx\/index.php?rest_route=%2Fwp%2Fv2%2Ftags&post=13321"}],"curies":[{"name":"wp","href":"https:\/\/api.w.org\/{rel}","templated":true}]}}